{"id":7008,"date":"2021-11-29T16:40:22","date_gmt":"2021-11-29T14:40:22","guid":{"rendered":"https:\/\/timetravelbee.com\/?p=7008"},"modified":"2023-07-25T21:12:45","modified_gmt":"2023-07-25T19:12:45","slug":"co-zobaczyc-na-lemkowszczyznie","status":"publish","type":"post","link":"https:\/\/timetravelbee.com\/pl\/places\/co-zobaczyc-na-lemkowszczyznie\/","title":{"rendered":"Co zobaczy\u0107 na \u0141emkowszczy\u017anie? Atrakcje + mapa"},"content":{"rendered":"<p>\u0141emkowszczyzna to teren, na kt\u00f3rym mieszkali \u0141emkowie &#8211; grupa etniczna o barwnej kulturze i niezwykle trudnej historii. Mimo, \u017ce \u0141emkowie w Polsce zostali wysiedleni i rozproszeni, wci\u0105\u017c pozosta\u0142y liczne cerkwie, zabudowa mieszkalna i tradycje. Podr\u00f3\u017cowa\u0142am \u015bladami \u0141emk\u00f3w w Polsce i w tym artykule poka\u017c\u0119 Wam co si\u0119 zachowa\u0142o i co zobaczy\u0107 na \u0141emkowszczy\u017anie po polskiej stronie Karpat.<img decoding=\"async\" loading=\"lazy\" class=\"c aligncenter wp-image-7050 size-full lazyload\" data-src=\"https:\/\/timetravelbee.com\/wp-content\/uploads\/2021\/11\/Cerkwie-\u0141emkowskie.jpg\" alt=\"Co zobaczy\u0107 na \u0141emkowszczy\u017anie? \u015aladami \u0141emk\u00f3w w Polsce.\" width=\"2673\" height=\"2000\" src=\"data:image\/gif;base64,R0lGODlhAQABAAAAACH5BAEKAAEALAAAAAABAAEAAAICTAEAOw==\" style=\"--smush-placeholder-width: 2673px; --smush-placeholder-aspect-ratio: 2673\/2000;\" \/><noscript><img decoding=\"async\" loading=\"lazy\" class=\"c aligncenter wp-image-7050 size-full\" src=\"https:\/\/timetravelbee.com\/wp-content\/uploads\/2021\/11\/Cerkwie-\u0141emkowskie.jpg\" alt=\"Co zobaczy\u0107 na \u0141emkowszczy\u017anie? \u015aladami \u0141emk\u00f3w w Polsce.\" width=\"2673\" height=\"2000\" \/><\/noscript><\/p>\n<h2>\u0141emkowie &#8211; historia w pigu\u0142ce<\/h2>\n<p>Ta grupa etniczna jest \u015bci\u015ble zwi\u0105zana z pasmem Karpat. \u0141emkowie w Polsce zamieszkiwali tereny Bieszczad oraz Beskid Niski i cz\u0119\u015b\u0107 Beskidu S\u0105deckiego. \u0141emkowszczyzna to jednak kraina, kt\u00f3ra zajmuje tak\u017ce cz\u0119\u015b\u0107 Karpat S\u0142owackich i Ukrai\u0144skich. Do ko\u0144ca nie wiadomo sk\u0105d przybyli \u0141emkowie. Istnieje teoria, \u017ce to plemiona Wo\u0142os\u00f3w, kt\u00f3re w\u0119drowa\u0142y z obszar\u00f3w <strong><a href=\"https:\/\/timetravelbee.com\/pl\/places\/dracula-castle-in-bran-romania\/\">Rumunii<\/a><\/strong> w \u015bredniowieczu. W Karpatach mieszkali i mieszali si\u0119 z miejscow\u0105 ludno\u015bci\u0105 Rusk\u0105, st\u0105d nazwa Rusnacy czy Rusini, jak cz\u0119sto s\u0105 okre\u015blani. Obecna nazwa \u0141emko pojawi\u0142a si\u0119 dopiero w XIX wieku. \u0141em, \u0142em (w znaczeniu &#8222;tylko&#8221;) to s\u0142owo charakterystyczne dla ich mowy, przez co lokalni zacz\u0119li tak na nich wo\u0142a\u0107. Z czasem zwyk\u0142e &#8222;przezwisko&#8221; zosta\u0142o zaakceptowane jako nazwa grupy etnicznej.<\/p>\n<p>W XIX wieku \u0141emkowie zacz\u0119li d\u0105\u017cy\u0107 do umocnienia narodowo\u015bciowego. Prowadzili dzia\u0142ania na tle o\u015bwiaty i kultury \u0141emk\u00f3w. Dbali o budowanie \u015bwiadomo\u015bci narodowo\u015bciowej, by podj\u0105\u0107 pr\u00f3b\u0119 wyodr\u0119bnienia autonomicznej \u0141emkowszczyzny.<\/p>\n<p>Po drodze napotkali wiele politycznych problem\u00f3w oraz sprzeciw ze strony s\u0105siednich pa\u0144stw. Nieporozumienia trwa\u0142y tak\u017ce wewn\u0105trz dzia\u0142aczy \u0142emkowskich &#8211; tendencje rusofilskie oraz pro-ukrai\u0144skie. W\u0142adze austriackie podczas I wojny \u015bwiatowej wymordowa\u0142y w obozie koncentracyjnym prawie ca\u0142\u0105 \u0141emkowsk\u0105 inteligencj\u0119. W okresie mi\u0119dzywojennym uda\u0142o si\u0119 stworzy\u0107 Rusk\u0105 Narodow\u0105 Republik\u0119 \u0141emk\u00f3w we Florynce. W trakcie zaledwie kilkunastomiesi\u0119cznej dzia\u0142alno\u015bci powo\u0142ano premiera i ministr\u00f3w. \u0141emkowie w Polsce otrzymali prawo do nauki j\u0119zyka \u0142emkowskiego w szkole czy do wydawania gazet.<\/p>\n<p>II wojna \u015bwiatowa przynios\u0142a zmiany. Losy \u0141emk\u00f3w odpowiada\u0142y losom mniejszo\u015bci ukrai\u0144skiej, gdy\u017c komunistyczne w\u0142adze nie wprowadzi\u0142y rozr\u00f3\u017cnienia mi\u0119dzy obiema tymi spo\u0142eczno\u015bciami. Z tego wzgl\u0119du r\u00f3wnie\u017c i \u0141emk\u00f3w obj\u0119\u0142y wysiedlenia na obszar Ukrainy, jak r\u00f3wnie\u017c akcja \u201eWis\u0142a\u201d. Kolejna fala wysiedle\u0144 przenios\u0142a \u0141emkowskie rodziny na poniemieckie i opustosza\u0142e tereny Polski p\u00f3\u0142nocnej. Na pocz\u0105tku przesiedlenia by\u0142y dobrowolne, potem przymusowe. W rezultacie \u0141emkowszczyzna prawie ca\u0142kowicie si\u0119 wyludni\u0142a. Przesta\u0142o istnie\u0107 kilkadziesi\u0105t wsi. By\u0142a to zag\u0142ada krainy etnicznej, dotkliwe straty ponios\u0142a kultura \u0141emk\u00f3w.<\/p>\n<h2>\u0141emkowie &#8211; kultura<\/h2>\n<div id=\"attachment_7042\" style=\"width: 534px\" class=\"wp-caption alignright\"><img aria-describedby=\"caption-attachment-7042\" decoding=\"async\" loading=\"lazy\" class=\"c wp-image-7042 size-large lazyload\" data-src=\"https:\/\/timetravelbee.com\/wp-content\/uploads\/2021\/11\/Krywulki-524x700.jpg\" alt=\"\u0141emkowska krywulka w Muzeum w Zyndranowej.\" width=\"524\" height=\"700\" data-srcset=\"https:\/\/timetravelbee.com\/wp-content\/uploads\/2021\/11\/Krywulki-524x700.jpg 524w, https:\/\/timetravelbee.com\/wp-content\/uploads\/2021\/11\/Krywulki-600x802.jpg 600w, https:\/\/timetravelbee.com\/wp-content\/uploads\/2021\/11\/Krywulki-768x1026.jpg 768w, https:\/\/timetravelbee.com\/wp-content\/uploads\/2021\/11\/Krywulki.jpg 1300w\" data-sizes=\"(max-width: 524px) 100vw, 524px\" src=\"data:image\/gif;base64,R0lGODlhAQABAAAAACH5BAEKAAEALAAAAAABAAEAAAICTAEAOw==\" style=\"--smush-placeholder-width: 524px; --smush-placeholder-aspect-ratio: 524\/700;\" \/><noscript><img aria-describedby=\"caption-attachment-7042\" decoding=\"async\" loading=\"lazy\" class=\"c wp-image-7042 size-large\" src=\"https:\/\/timetravelbee.com\/wp-content\/uploads\/2021\/11\/Krywulki-524x700.jpg\" alt=\"\u0141emkowska krywulka w Muzeum w Zyndranowej.\" width=\"524\" height=\"700\" srcset=\"https:\/\/timetravelbee.com\/wp-content\/uploads\/2021\/11\/Krywulki-524x700.jpg 524w, https:\/\/timetravelbee.com\/wp-content\/uploads\/2021\/11\/Krywulki-600x802.jpg 600w, https:\/\/timetravelbee.com\/wp-content\/uploads\/2021\/11\/Krywulki-768x1026.jpg 768w, https:\/\/timetravelbee.com\/wp-content\/uploads\/2021\/11\/Krywulki.jpg 1300w\" sizes=\"(max-width: 524px) 100vw, 524px\" \/><\/noscript><p id=\"caption-attachment-7042\" class=\"wp-caption-text\">\u0141emkowskie krywulki<\/p><\/div>\n<p>Igor Herbut, Misia Furtak, Andy Warchol &#8211; t0 tylko niekt\u00f3rzy znani arty\u015bci pochodzenia \u0142emkowskiego. \u0141emkowie mieli sw\u00f3j w\u0142asny j\u0119zyk. Do dzi\u015b zwiedzaj\u0105c \u0141emkowszczyzn\u0119 mo\u017cemy zobaczy\u0107 niekt\u00f3re nazwy miejscowo\u015bci napisane po polsku i po \u0142emkowsku. Przynale\u017cno\u015b\u0107 do kr\u0119gu chrze\u015bcija\u0144stwa wschodniego pozostawi\u0142a w regionie wiele pi\u0119knych cerkwi. Tradycyjna rodzina by\u0142a pobo\u017cna, przywi\u0105zywa\u0142a du\u017c\u0105 wag\u0119 do wsp\u00f3lnej modlitwy i obrz\u0119d\u00f3w.<\/p>\n<p>Jako wielka fanka folkloru, zwr\u00f3ci\u0142am szczeg\u00f3ln\u0105 uwag\u0119 na tradycyjny str\u00f3j i ozdoby. Tu zachwyci\u0142a mnie krywulka &#8211; czyli kobiecy naszyjnik pleciony z koralik\u00f3w. Wzory przepi\u0119kne, ale ca\u0142o\u015b\u0107 sprawia wra\u017cenie bardzo czasoch\u0142onnej pracy. Oj, marzy mi si\u0119 kiedy\u015b uczestnictwo w warsztatach plecenia krywulek. Kto chce si\u0119 przy\u0142\u0105czy\u0107?<\/p>\n<p>Muzyka towarzyszy\u0142a \u0141emkom przy pracach domowych czy na weselach. Dzi\u015b mo\u017cemy pos\u0142ucha\u0107 tradycyjnych pie\u015bni \u0142emkowskich dzi\u0119ki zespo\u0142owi pie\u015bni i ta\u0144ca <strong>\u0141emkowyna<\/strong>, a latem wybra\u0107 si\u0119 na coroczny festiwal <strong>\u0141emkowska Watra<\/strong>, na kt\u00f3ry zje\u017cd\u017caj\u0105 si\u0119 \u0141emkowie z ca\u0142ego \u015bwiata.<\/p>\n<h2><span style=\"color: #111146;\">Co zobaczy\u0107 na \u0141emkowszczy\u017anie?<\/span><\/h2>\n<p>\u0141emkowie w Polsce pozostawili po sobie niewiele z dawnych czas\u00f3w, g\u0142\u00f3wnie s\u0105 to cerkwie, cmentarze i opustosza\u0142e wsie \u0142emkowskie. Na szcz\u0119\u015bcie wiele os\u00f3b i instytucji piel\u0119gnuje dorobek kulturowy \u0141emk\u00f3w i w kilku miejscach mo\u017cemy ogl\u0105da\u0107 zagrody \u0141emk\u00f3w, tradycyjne chaty (chy\u017ce) czy muzea. Fan\u00f3w \u017cywej kultury \u0141emk\u00f3w z pewno\u015bci\u0105 zadowol\u0105 festiwale muzyki \u0142emkowskiej, kuchni i r\u0119kodzie\u0142a. Dodatkowo w regionie skosztujemy tradycyjnych potraw kuchni \u0142emkowskiej.<br \/>\n<iframe loading=\"lazy\" data-src=\"https:\/\/www.google.com\/maps\/d\/u\/0\/embed?mid=1bWMGQjpBWLxcr1Zextw7lwLKx4PEEIyq\" width=\"640\" height=\"480\" src=\"data:image\/gif;base64,R0lGODlhAQABAAAAACH5BAEKAAEALAAAAAABAAEAAAICTAEAOw==\" class=\"lazyload\" data-load-mode=\"1\"><\/iframe><\/p>\n<h2>Opustosza\u0142e wsie \u0142emkowskie<\/h2>\n<p><img decoding=\"async\" loading=\"lazy\" class=\"c alignleft wp-image-7043 size-large lazyload\" data-src=\"https:\/\/timetravelbee.com\/wp-content\/uploads\/2021\/11\/\u0141emkowskie-wsie-524x700.jpg\" alt=\"Beskid Niski, opustosza\u0142e wsie \u0141emk\u00f3w.\" width=\"524\" height=\"700\" data-srcset=\"https:\/\/timetravelbee.com\/wp-content\/uploads\/2021\/11\/\u0141emkowskie-wsie-524x700.jpg 524w, https:\/\/timetravelbee.com\/wp-content\/uploads\/2021\/11\/\u0141emkowskie-wsie-600x802.jpg 600w, https:\/\/timetravelbee.com\/wp-content\/uploads\/2021\/11\/\u0141emkowskie-wsie-768x1026.jpg 768w, https:\/\/timetravelbee.com\/wp-content\/uploads\/2021\/11\/\u0141emkowskie-wsie.jpg 1300w\" data-sizes=\"(max-width: 524px) 100vw, 524px\" src=\"data:image\/gif;base64,R0lGODlhAQABAAAAACH5BAEKAAEALAAAAAABAAEAAAICTAEAOw==\" style=\"--smush-placeholder-width: 524px; --smush-placeholder-aspect-ratio: 524\/700;\" \/><noscript><img decoding=\"async\" loading=\"lazy\" class=\"c alignleft wp-image-7043 size-large\" src=\"https:\/\/timetravelbee.com\/wp-content\/uploads\/2021\/11\/\u0141emkowskie-wsie-524x700.jpg\" alt=\"Beskid Niski, opustosza\u0142e wsie \u0141emk\u00f3w.\" width=\"524\" height=\"700\" srcset=\"https:\/\/timetravelbee.com\/wp-content\/uploads\/2021\/11\/\u0141emkowskie-wsie-524x700.jpg 524w, https:\/\/timetravelbee.com\/wp-content\/uploads\/2021\/11\/\u0141emkowskie-wsie-600x802.jpg 600w, https:\/\/timetravelbee.com\/wp-content\/uploads\/2021\/11\/\u0141emkowskie-wsie-768x1026.jpg 768w, https:\/\/timetravelbee.com\/wp-content\/uploads\/2021\/11\/\u0141emkowskie-wsie.jpg 1300w\" sizes=\"(max-width: 524px) 100vw, 524px\" \/><\/noscript>Na mnie najwi\u0119ksze wra\u017cenie zrobi\u0142y opustosza\u0142e po\u0142emkowskie wsie. Zaskakuj\u0105ce, prawda? W ko\u0144cu s\u0105 puste. I w\u0142a\u015bnie ta pustka robi wra\u017cenie. Droga, samotne kapliczki po\u015br\u00f3d \u0142\u0105k i kilka krzy\u017cy na cmentarzu. Jad\u0105c przez tak\u0105 wiosk\u0119 na google maps wida\u0107 jej rozk\u0142ad wzd\u0142u\u017c drogi, wida\u0107 wyci\u0119te pod osadnictwo i rolnictwo lasy. Gdzieniegdzie z\u0142amany przydro\u017cny krzy\u017c i ta przeszywaj\u0105ca cisza. Te przera\u017caj\u0105co puste wsie by\u0142y dla mnie najbardziej autentyczne, sk\u0142oni\u0142y do refleksji nad przemijaniem. Tysi\u0105ce ludzi wysiedlonych, kt\u00f3rzy musieli zostawi\u0107 swoje domy, wspomnienia z dzieci\u0144stwa i uda\u0107 si\u0119 do innego kraju, by zacz\u0105\u0107 wszystko od nowa.<\/p>\n<p>&#8222;<em>Czas nagli, w\u0119drowcze. O wspomnienia prosz\u0105. Przekrocz pr\u00f3g Domu, kt\u00f3rego mo\u017ce i nie ma. Czuj si\u0119 zaproszony<\/em>&#8222;. To cytat w jednej \u0142emkowskiej wsi, na drewnianych drzwiach osadzonych na polanie. Drzwi do domu, kt\u00f3ry nie istnieje to przepi\u0119kny symbol. Nie s\u0105 to drzwi autentyczne, a projekt upami\u0119tniaj\u0105cy by\u0142ych mieszka\u0144c\u00f3w. Takie symboliczne drzwi mo\u017cna zobaczy\u0107 w Beskidzie Niskim w miejscowo\u015bciach D\u0142ugie, Radocyna, Lipna, Czarne i Nieznajowa. Te wsie \u0142emkowskie znajduj\u0105 si\u0119 obok siebie i wiedzie przez nie bardzo przyjemny szlak do pieszych w\u0119dr\u00f3wek oraz droga szutrowa.<\/p>\n<p>Jednak to nie wszystko. \u0141emkowskie wsie ci\u0105gn\u0105 si\u0119 przez ca\u0142y Beskid Niski oraz Bieszczady. W samym Beskidzie Niskim to kilkadziesi\u0105t miejscowo\u015bci: Banica k. G\u0142adyszowa, Bieliczna, Ciechania, Czarne, Czeremcha, Czerty\u017cne, Dar\u00f3w, D\u0142ugie, Huta Pielgrzymska (Samokl\u0119ska), Ha\u0142b\u00f3w, Jasiel, Jawornik, Kamionka, Kr\u00f3lik Wo\u0142oski, Lipna, Nieznajowa, Przybysz\u00f3w, Polany Surowiczne, Radocyna, Reget\u00f3w Wy\u017cny, Rostajne, Rudawka Ja\u015bliska, Smereczne, Surowica, Szklary, \u015awierzowa Ruska, Tarnawka, Wernej\u00f3wka, Wilsznia, Wola Wy\u017cna, Wo\u0142tuszowa, W\u00f3lka, Zawoje, \u017bydowskie. D\u0142ugo by wylicza\u0107 \u0142emkowskie wsie w Bieszczadach. Ci\u0105gn\u0105 si\u0119 one przez ca\u0142e pasmo, a mieszkali w nich tak\u017ce Bojkowie, Wo\u0142osi, Pog\u00f3rzanie. Warto zaznaczy\u0107, \u017ce te tereny by\u0142y kiedy\u015b bardzo r\u00f3\u017cnorodne etnicznie. Bywa\u0142o, \u017ce w jednej miejscowo\u015bci mieszkali wyznawcy 4 religii i by\u0142y 4 r\u00f3\u017cne \u015bwi\u0105tynie. Wszyscy potrafili \u017cy\u0107 w zgodzie i razem \u015bwi\u0119towali wi\u0119ksze uroczysto\u015bci religijne.<\/p>\n<h2>Skansen w Sanoku<\/h2>\n<p>R\u00f3\u017cnorodno\u015b\u0107 etniczn\u0105, jak\u0105 kiedy\u015b posiada\u0142o Podkarpacie, mo\u017cna najlepiej zaobserwowa\u0107 w skansenie w Sanoku. Zobaczycie tu nie tylko zabudow\u0119 i cerkiew \u0142emkowsk\u0105, ale tak\u017ce czym r\u00f3\u017cni\u0142y si\u0119 w\u00f3wczas domy Bojk\u00f3w czy Pog\u00f3rzan. Skansen w Sanoku posiada kilkadziesi\u0105t budynk\u00f3w, kt\u00f3re pokazuj\u0105 wiejskie zabudowania w czasach od XVII do XIX wieku. Przepi\u0119kne drewniane domki i ko\u015bci\u00f3\u0142ki idealnie wkomponowuj\u0105 si\u0119 w le\u015bne otoczenie. Ca\u0142o\u015bci dope\u0142nia gwarny rynek galicyjski, gdzie kupicie \u015bwie\u017co pieczony chleb (pachnie tak bosko, \u017ce nie da si\u0119 przej\u015b\u0107 oboj\u0119tnie), wypijecie kawk\u0119 czy zjecie lokalnego proziaka (placek na kefirze).<\/p>\n<p>Musz\u0119 przyzna\u0107, \u017ce skansen w Sanoku to jeden z najwi\u0119kszych jakie widzia\u0142am w Polsce i bardzo okaza\u0142y. Wspomniana r\u00f3\u017cnorodno\u015b\u0107 na tle etnicznym przejawia si\u0119 rzecz jasna w architekturze, wi\u0119c budynki skansenu zwiedza\u0142am z wielk\u0105 ciekawo\u015bci\u0105. W jednym z nich mie\u015bci si\u0119 zachwycaj\u0105ca <strong>wystawa ikon<\/strong>. Skansen jest spory, spokojnie mo\u017cna w nim sp\u0119dzi\u0107 p\u00f3\u0142 dnia.<img decoding=\"async\" loading=\"lazy\" class=\"c aligncenter wp-image-7045 size-full lazyload\" data-src=\"https:\/\/timetravelbee.com\/wp-content\/uploads\/2021\/11\/Skansen-w-Sanoku.jpg\" alt=\"\u0141emkowska chy\u017ca w Sanoku.\" width=\"2300\" height=\"1721\" data-srcset=\"https:\/\/timetravelbee.com\/wp-content\/uploads\/2021\/11\/Skansen-w-Sanoku.jpg 2300w, https:\/\/timetravelbee.com\/wp-content\/uploads\/2021\/11\/Skansen-w-Sanoku-150x112.jpg 150w, https:\/\/timetravelbee.com\/wp-content\/uploads\/2021\/11\/Skansen-w-Sanoku-768x575.jpg 768w, https:\/\/timetravelbee.com\/wp-content\/uploads\/2021\/11\/Skansen-w-Sanoku-700x524.jpg 700w, https:\/\/timetravelbee.com\/wp-content\/uploads\/2021\/11\/Skansen-w-Sanoku-1536x1149.jpg 1536w, https:\/\/timetravelbee.com\/wp-content\/uploads\/2021\/11\/Skansen-w-Sanoku-2048x1532.jpg 2048w, https:\/\/timetravelbee.com\/wp-content\/uploads\/2021\/11\/Skansen-w-Sanoku-600x449.jpg 600w\" data-sizes=\"(max-width: 2300px) 100vw, 2300px\" src=\"data:image\/gif;base64,R0lGODlhAQABAAAAACH5BAEKAAEALAAAAAABAAEAAAICTAEAOw==\" style=\"--smush-placeholder-width: 2300px; --smush-placeholder-aspect-ratio: 2300\/1721;\" \/><noscript><img decoding=\"async\" loading=\"lazy\" class=\"c aligncenter wp-image-7045 size-full\" src=\"https:\/\/timetravelbee.com\/wp-content\/uploads\/2021\/11\/Skansen-w-Sanoku.jpg\" alt=\"\u0141emkowska chy\u017ca w Sanoku.\" width=\"2300\" height=\"1721\" srcset=\"https:\/\/timetravelbee.com\/wp-content\/uploads\/2021\/11\/Skansen-w-Sanoku.jpg 2300w, https:\/\/timetravelbee.com\/wp-content\/uploads\/2021\/11\/Skansen-w-Sanoku-150x112.jpg 150w, https:\/\/timetravelbee.com\/wp-content\/uploads\/2021\/11\/Skansen-w-Sanoku-768x575.jpg 768w, https:\/\/timetravelbee.com\/wp-content\/uploads\/2021\/11\/Skansen-w-Sanoku-700x524.jpg 700w, https:\/\/timetravelbee.com\/wp-content\/uploads\/2021\/11\/Skansen-w-Sanoku-1536x1149.jpg 1536w, https:\/\/timetravelbee.com\/wp-content\/uploads\/2021\/11\/Skansen-w-Sanoku-2048x1532.jpg 2048w, https:\/\/timetravelbee.com\/wp-content\/uploads\/2021\/11\/Skansen-w-Sanoku-600x449.jpg 600w\" sizes=\"(max-width: 2300px) 100vw, 2300px\" \/><\/noscript><\/p>\n<h2>Muzeum Wsi \u0141emkowskiej w Zyndranowej<\/h2>\n<p>Zagroda w Zyndranowej to mini skansen, gdzie zachowa\u0142a si\u0119 \u0142emkowska chy\u017ca i zabudowa gospodarcza. Na pocz\u0105tku zobaczyli\u015bmy izb\u0119 &#8211; muzeum, kt\u00f3ra upami\u0119tnia w\u0142a\u015bciciela zagrody oraz s\u0142awnych \u0142emkowskich artyst\u00f3w. Zagroda jest \u015bwietnie zachowana i mo\u017cna sobie z \u0142atwo\u015bci\u0105 wyobrazi\u0107 jak kiedy\u015b wygl\u0105da\u0142o tu \u017cycie dzi\u0119ki sprz\u0119tom i pami\u0105tkom z tamtego okresu. Pani przewodnik m\u00f3wi\u0142a, \u017ce wszystkie budynki zagrody stoj\u0105 w oryginalnym miejscu.<\/p>\n<p>Na terenie zagrody jest tak\u017ce wystawa pami\u0105tek wojennych oraz krzy\u017cy pozosta\u0142ych po \u0142emkowskich cerkwiach, kt\u00f3re popad\u0142y w ruin\u0119. Zobaczyli\u015bmy te\u017c nowy budynek, w kt\u00f3rym znajduje si\u0119 wystawa prac \u0141emkowskich artyst\u00f3w, tradycyjne stroje oraz wiele innych pami\u0105tek po \u0141emkach.<img decoding=\"async\" loading=\"lazy\" class=\"c aligncenter wp-image-7046 size-full lazyload\" data-src=\"https:\/\/timetravelbee.com\/wp-content\/uploads\/2021\/11\/Zyndranowa.jpg\" alt=\"Muzeum Wsi \u0141emkowskiej w Zyndranowej.\" width=\"2673\" height=\"2000\" src=\"data:image\/gif;base64,R0lGODlhAQABAAAAACH5BAEKAAEALAAAAAABAAEAAAICTAEAOw==\" style=\"--smush-placeholder-width: 2673px; --smush-placeholder-aspect-ratio: 2673\/2000;\" \/><noscript><img decoding=\"async\" loading=\"lazy\" class=\"c aligncenter wp-image-7046 size-full\" src=\"https:\/\/timetravelbee.com\/wp-content\/uploads\/2021\/11\/Zyndranowa.jpg\" alt=\"Muzeum Wsi \u0141emkowskiej w Zyndranowej.\" width=\"2673\" height=\"2000\" \/><\/noscript><\/p>\n<h2>Zagroda Maziarska w \u0141osiu<\/h2>\n<p>To m\u00f3j ulubieniec, absolutny <em>must see<\/em> \u0141emkowszczyzny. Ma\u0142a zagroda obok drewnianej cerkwi, kt\u00f3ra pokazuje to z czego s\u0142yn\u0119li \u0141emkowie w ca\u0142ej Europie: mazie, smary i dziegie\u0107. By\u0142y to niegdy\u015b towary niezb\u0119dne w ka\u017cdym gospodarstwie, przede wszystkim do smarowania osi drewnianych woz\u00f3w. Dowiedzia\u0142am si\u0119 jak wygl\u0105da\u0142 proces suchej destylacji drewna, z kt\u00f3rego \u0141emkowie pozyskiwali mazie. Natomiast od po\u0142owy XIX wieku, \u0141osianie wzbogacili ofert\u0119 o naft\u0119 i smary pochodzenia ropnego, gdy\u017c na Podkarpaciu zacz\u0105\u0142 si\u0119 rozwija\u0107 przemys\u0142 naftowy. Gotowe towary umieszczane by\u0142y w beczkach, te za\u015b na drewnianych wozach. Wozy w\u0119drowa\u0142y po Polsce i po Europie od morza do morza! Ka\u017cdy \u0141osianin mia\u0142 swoj\u0105 tras\u0119, kt\u00f3r\u0105 pokazywa\u0142 m\u0142odszemu pokoleniu i nigdy nie wchodzili w drog\u0119 innym sprzedawcom mazi. Mieszka\u0144cy \u0141osi i okolic znacznie si\u0119 wzbogacili. Do tej pory mo\u017cna ogl\u0105da\u0107 drewniane wille z tamtego okresu.<img decoding=\"async\" loading=\"lazy\" class=\"c aligncenter wp-image-7047 size-full lazyload\" data-src=\"https:\/\/timetravelbee.com\/wp-content\/uploads\/2021\/11\/W\u00f3z-maziarski.jpg\" alt=\"Zagroda maziarska w \u0141osiu, Beskid Niski.\" width=\"2673\" height=\"2000\" src=\"data:image\/gif;base64,R0lGODlhAQABAAAAACH5BAEKAAEALAAAAAABAAEAAAICTAEAOw==\" style=\"--smush-placeholder-width: 2673px; --smush-placeholder-aspect-ratio: 2673\/2000;\" \/><noscript><img decoding=\"async\" loading=\"lazy\" class=\"c aligncenter wp-image-7047 size-full\" src=\"https:\/\/timetravelbee.com\/wp-content\/uploads\/2021\/11\/W\u00f3z-maziarski.jpg\" alt=\"Zagroda maziarska w \u0141osiu, Beskid Niski.\" width=\"2673\" height=\"2000\" \/><\/noscript><\/p>\n<p>Budynki w zagrodzie stoj\u0105 w oryginalnym miejscu. Jest tam \u0142emkowska chy\u017ca ze \u015bwietnie zachowan\u0105 kuchni\u0105, budynek gospodarczy i spichlerz. Wszystkie pe\u0142ne sprz\u0119t\u00f3w z tamtego okresu, dzi\u0119ki kt\u00f3rym mo\u017cna si\u0119 dowiedzie\u0107 jak wygl\u0105da\u0142o wtedy \u017cycie. Znajduje si\u0119 tam te\u017c zabytkowy dom przeniesiony z pobliskiej miejscowo\u015bci Bartne, a ca\u0142a zagroda le\u017cy tu\u017c obok pi\u0119knej drewnianej cerkwi. Ciekawostka przyrodnicza: w kopule cerkwi jest siedlisko bardzo rzadkiego gatunku nietoperzy!<\/p>\n<p>Pani przewodnik w zagrodzie skrad\u0142a moje serce! W stroju stylizowanym na ludowy, z wielk\u0105 pasj\u0105 opowiada\u0142a o historii zawodu maziarza oraz wszelkich przedmiotach tam zgromadzonych. Brawa dla tej pani, naprawd\u0119 przekaza\u0142a mn\u00f3stwo wiedzy w spos\u00f3b przyst\u0119pny (polecam tak\u017ce na odwiedziny z dzie\u0107mi) i jeszcze bardziej zafascynowa\u0142a mnie kultur\u0105 \u0141emk\u00f3w. By\u0142am zachwycona wizyt\u0105 w zagrodzie!<\/p>\n<p>I to wszystko prosz\u0119 Pa\u0144stwa za jedyne 4 z\u0142. S\u0142ownie: CZTERY Z\u0141OTE POLSKIE! Nie spodziewa\u0142am si\u0119, \u017ce s\u0105 jeszcze bilety w takich cenach. Ulgowy kosztowa\u0142 2 z\u0142, czyli tyle co toaleta na dworcach&#8230; Nic, tylko jecha\u0107 do \u0141osia.<\/p>\n<p><img decoding=\"async\" loading=\"lazy\" class=\"c aligncenter wp-image-7048 size-full lazyload\" data-src=\"https:\/\/timetravelbee.com\/wp-content\/uploads\/2021\/11\/Zagroda-w-\u0141osiu.jpg\" alt=\"Co zobaczy\u0107 na \u0141emkowszczy\u017anie? Tradycyjna chy\u017ca \u0142emkowska.\" width=\"2673\" height=\"2000\" src=\"data:image\/gif;base64,R0lGODlhAQABAAAAACH5BAEKAAEALAAAAAABAAEAAAICTAEAOw==\" style=\"--smush-placeholder-width: 2673px; --smush-placeholder-aspect-ratio: 2673\/2000;\" \/><noscript><img decoding=\"async\" loading=\"lazy\" class=\"c aligncenter wp-image-7048 size-full\" src=\"https:\/\/timetravelbee.com\/wp-content\/uploads\/2021\/11\/Zagroda-w-\u0141osiu.jpg\" alt=\"Co zobaczy\u0107 na \u0141emkowszczy\u017anie? Tradycyjna chy\u017ca \u0142emkowska.\" width=\"2673\" height=\"2000\" \/><\/noscript><\/p>\n<h2>Muzeum Nikifora w Krynicy<\/h2>\n<p><img decoding=\"async\" loading=\"lazy\" class=\"c alignleft wp-image-7044 size-large lazyload\" data-src=\"https:\/\/timetravelbee.com\/wp-content\/uploads\/2021\/11\/Pomnik-Nikifora-524x700.jpg\" alt=\"Nikifor Krynicki, \u015bladami \u0141emk\u00f3w w Polsce.\" width=\"524\" height=\"700\" data-srcset=\"https:\/\/timetravelbee.com\/wp-content\/uploads\/2021\/11\/Pomnik-Nikifora-524x700.jpg 524w, https:\/\/timetravelbee.com\/wp-content\/uploads\/2021\/11\/Pomnik-Nikifora-600x802.jpg 600w, https:\/\/timetravelbee.com\/wp-content\/uploads\/2021\/11\/Pomnik-Nikifora-768x1026.jpg 768w, https:\/\/timetravelbee.com\/wp-content\/uploads\/2021\/11\/Pomnik-Nikifora.jpg 1300w\" data-sizes=\"(max-width: 524px) 100vw, 524px\" src=\"data:image\/gif;base64,R0lGODlhAQABAAAAACH5BAEKAAEALAAAAAABAAEAAAICTAEAOw==\" style=\"--smush-placeholder-width: 524px; --smush-placeholder-aspect-ratio: 524\/700;\" \/><noscript><img decoding=\"async\" loading=\"lazy\" class=\"c alignleft wp-image-7044 size-large\" src=\"https:\/\/timetravelbee.com\/wp-content\/uploads\/2021\/11\/Pomnik-Nikifora-524x700.jpg\" alt=\"Nikifor Krynicki, \u015bladami \u0141emk\u00f3w w Polsce.\" width=\"524\" height=\"700\" srcset=\"https:\/\/timetravelbee.com\/wp-content\/uploads\/2021\/11\/Pomnik-Nikifora-524x700.jpg 524w, https:\/\/timetravelbee.com\/wp-content\/uploads\/2021\/11\/Pomnik-Nikifora-600x802.jpg 600w, https:\/\/timetravelbee.com\/wp-content\/uploads\/2021\/11\/Pomnik-Nikifora-768x1026.jpg 768w, https:\/\/timetravelbee.com\/wp-content\/uploads\/2021\/11\/Pomnik-Nikifora.jpg 1300w\" sizes=\"(max-width: 524px) 100vw, 524px\" \/><\/noscript>Epifaniusz Drowniak by\u0142 fascynuj\u0105c\u0105 postaci\u0105 \u0142emkowskiego pochodzenia, a jego historia jest niezwykle poruszaj\u0105ca. Pochodzi\u0142 z bardzo biednej rodziny. Ojciec nieznany, matka g\u0142uchoniema ledwie wi\u0105za\u0142a koniec z ko\u0144cem. Epifaniusz wychowywa\u0142 si\u0119 w strasznych warunkach. Po matce odziedziczy\u0142 problemy ze s\u0142uchem i mow\u0105. M\u00f3wi\u0142 be\u0142kotliwie, przez co by\u0142 wiecznie wy\u015bmiewany. Po \u015bmierci matki \u017cy\u0142 samotnie, w n\u0119dzy. Wysiedlenia ludno\u015bci \u0141emkowskiej zmusi\u0142y go do wyprowadzki do Szczecina, jednak wr\u00f3ci\u0142 do Krynicy. Nie wiadomo czy nie rozumia\u0142, czy po prostu nie zgadza\u0142 si\u0119 z dekretem w\u0142adz. Na miejscu spotka\u0142 ju\u017c tylko mieszane etnicznie rodziny, kt\u00f3re pozosta\u0142y. Sta\u0142 si\u0119 \u017cebrakiem, wyrzutkiem spo\u0142ecze\u0144stwa. Trzykrotnie wywieziono go z \u0141emkowszczyzny z ramach wysiedle\u0144, a on za ka\u017cdym razem wraca\u0142 do swojej ma\u0142ej ojczyzny.<\/p>\n<p>Epifaniusz Drowniak zawsze lubi\u0142 malowa\u0107. Swoje prace tworzy\u0142 na skrawkach papieru, tektury czy pude\u0142kach po papierosach. Podpisywa\u0142 si\u0119 na nich Nikifor Malarz b\u0105d\u017a Matejko, bo uwa\u017ca\u0142, \u017ce jest Krynickim Janem Matejko. By\u0142 p\u00f3\u0142analfabet\u0105 dlatego jego podpisy maj\u0105 mn\u00f3stwo b\u0142\u0119d\u00f3w i s\u0105 nieczytelne. Obrazy sprzedawa\u0142 w Krynicy jako pami\u0105tki, jednak przechodnie nie wykazywali zainteresowania.<\/p>\n<p>Dopiero pod koniec \u017cycia zosta\u0142 zauwa\u017cony i doceniony, a jego prace obieg\u0142y s\u0142ynne europejskie galerie sztuki. <strong>Dzi\u015b Nikifor Krynicki jest uznawany za jednego z najznamienitszych malarzy naiwnych na \u015bwiecie.<\/strong> Jego obrazy przedstawia\u0142y g\u0142\u00f3wnie ojczyzn\u0119: \u0141emkowskie cerkwie, pejza\u017ce czy stacje kolejowe. Stworzy\u0142 te\u017c wiele autoportret\u00f3w.<\/p>\n<p>W Krynicy stoi pomnik Nikifora. Siedzi na \u0142awce i maluje, dok\u0142adnie w takiej pozycji jak to robi\u0142 za \u017cycia. Z walizeczk\u0105, w kt\u00f3rej mia\u0142 sw\u00f3j podr\u0119czny warsztat. W jednej z krynickich willi stworzono muzeum tw\u00f3rczo\u015bci Nikifora, gdzie mo\u017cna zobaczy\u0107 jego prace.<\/p>\n<h2>Drewniane \u0142emkowskie cerkwie oraz cmentarze<\/h2>\n<p><img decoding=\"async\" loading=\"lazy\" class=\"c alignright wp-image-7040 size-large lazyload\" data-src=\"https:\/\/timetravelbee.com\/wp-content\/uploads\/2021\/11\/Cerkiew-w-Kwiatoniu-524x700.jpg\" alt=\"Co zobaczy\u0107 na \u0141emkowszczy\u017anie po polskiej stronie Karpat? Najpi\u0119kniesza cerkiew \u0141emkowska.\" width=\"524\" height=\"700\" data-srcset=\"https:\/\/timetravelbee.com\/wp-content\/uploads\/2021\/11\/Cerkiew-w-Kwiatoniu-524x700.jpg 524w, https:\/\/timetravelbee.com\/wp-content\/uploads\/2021\/11\/Cerkiew-w-Kwiatoniu-600x802.jpg 600w, https:\/\/timetravelbee.com\/wp-content\/uploads\/2021\/11\/Cerkiew-w-Kwiatoniu-768x1026.jpg 768w, https:\/\/timetravelbee.com\/wp-content\/uploads\/2021\/11\/Cerkiew-w-Kwiatoniu.jpg 1300w\" data-sizes=\"(max-width: 524px) 100vw, 524px\" src=\"data:image\/gif;base64,R0lGODlhAQABAAAAACH5BAEKAAEALAAAAAABAAEAAAICTAEAOw==\" style=\"--smush-placeholder-width: 524px; --smush-placeholder-aspect-ratio: 524\/700;\" \/><noscript><img decoding=\"async\" loading=\"lazy\" class=\"c alignright wp-image-7040 size-large\" src=\"https:\/\/timetravelbee.com\/wp-content\/uploads\/2021\/11\/Cerkiew-w-Kwiatoniu-524x700.jpg\" alt=\"Co zobaczy\u0107 na \u0141emkowszczy\u017anie po polskiej stronie Karpat? Najpi\u0119kniesza cerkiew \u0141emkowska.\" width=\"524\" height=\"700\" srcset=\"https:\/\/timetravelbee.com\/wp-content\/uploads\/2021\/11\/Cerkiew-w-Kwiatoniu-524x700.jpg 524w, https:\/\/timetravelbee.com\/wp-content\/uploads\/2021\/11\/Cerkiew-w-Kwiatoniu-600x802.jpg 600w, https:\/\/timetravelbee.com\/wp-content\/uploads\/2021\/11\/Cerkiew-w-Kwiatoniu-768x1026.jpg 768w, https:\/\/timetravelbee.com\/wp-content\/uploads\/2021\/11\/Cerkiew-w-Kwiatoniu.jpg 1300w\" sizes=\"(max-width: 524px) 100vw, 524px\" \/><\/noscript>Po Bieszczadach i Beskidach porozsiewane s\u0105 drewniane \u0142emkowskie cerkwie. Na mapce powy\u017cej zaznaczy\u0142am te najpopularniejsze w Beskidach jednak jest ich znacznie wi\u0119cej. S\u0105 \u015bwietnie oznakowane br\u0105zowymi tablicami <strong>Szlaku Architektury Drewnianej<\/strong>. Bardzo cz\u0119sto widz\u0105c taki znak przy drodze, skr\u0119cali\u015bmy autem z g\u0142\u00f3wnej i sun\u0119li\u015bmy na odkrycie kolejnej cerkiewki. Mam s\u0142abo\u015b\u0107 do starych drewnianych budynk\u00f3w i absolutnie ka\u017cdy mnie zachwyca. Za najpi\u0119kniejsz\u0105 uchodzi <strong>cerkiew \u015aw. Paraskewy w Kwiatoniu<\/strong>, kt\u00f3ra zosta\u0142a wpisana do \u015bwiatowego dziedzictwa UNESCO.<\/p>\n<p>Pami\u0119tam jak na studiach z grup\u0105 student\u00f3w przyje\u017cd\u017cali\u015bmy oczyszcza\u0107 \u0142emkowski cmentarz w Surowicy w Beskidzie Niskim. By\u0142 mega zaro\u015bni\u0119ty krzakami, a po wsi \u0142emkowskiej ani \u015bladu. Groby to niekiedy jedyne co pozosta\u0142o po \u0141emkach. Po\u0142amane krzy\u017ce, wykradzione zdobienia, zniszczone rze\u017aby &#8211; tylko, albo i a\u017c tyle. Cmentarz \u0142emkowski zachowa\u0142 si\u0119 we wspomnianych ju\u017c wsiach \u0142emkowskich: D\u0142ugie, Czarne i Nieznajowa. Ponadto we Florynce, \u0141abowej, Zdyni, Ropkach i wielu wielu innych.<\/p>\n<p>Niestety te poza turystycznym szlakiem, b\u0105d\u017a z dala od wiosek s\u0105 zaniedbane. Kiedy nie ma ju\u017c parafii czy \u017cywych cz\u0142onk\u00f3w rodziny, kt\u00f3rzy dbali i chronili miejsce poch\u00f3wku, zostaje ono zapomniane. W wielu przypadkach cmentarze by\u0142y zdewastowane i przej\u0119te przez deweloper\u00f3w, bo dzia\u0142ka by\u0142a atrakcyjna. A przecie\u017c gwarantowane przez Konstytucj\u0119 prawo do godno\u015bci obejmuje r\u00f3wnie\u017c prawo do poszanowania pami\u0119ci i szcz\u0105tk\u00f3w ludzkich. Na szcz\u0119\u015bcie istniej\u0105 liczne inicjatywy lokalne, kt\u00f3re niezale\u017cnie od wyznania, ze zwyk\u0142ej ludzkiej powinno\u015bci organizuj\u0105 akcje oczyszczania cmentarzy. Je\u015bli kto\u015b z Was zechcia\u0142by do\u0142\u0105czy\u0107 do takiej akcji polecam inicjatyw\u0119 <strong><a href=\"https:\/\/niezapomnianecmentarze.pl\/\">&#8222;Nie&#8221; zapomniane cmentarze<\/a><\/strong>.<\/p>\n<h2>\u0141emkowskie chy\u017ce<\/h2>\n<p>Chy\u017ca to drewniana chata \u0142emkowska, kt\u00f3ra sk\u0142ada si\u0119 z izb mieszkalnych i gospodarczych zamkni\u0119tych w jednym budynku. Ich okna i drzwi cz\u0119sto pomalowane s\u0105 na kolor niebieski, co mia\u0142o zapobiec wchodzeniu much do izby. Muchy kojarz\u0105 niebieski kolor z wod\u0105, wi\u0119c boj\u0105 si\u0119 na nim siada\u0107. Wiele chy\u017cy ma charakterystyczne bia\u0142e lub niebieskie paski pomi\u0119dzy poziomymi belkami. Tradycyjnie paski by\u0142y bielone, a kolor niebieski oznacza\u0142, \u017ce w danej chy\u017cy jest panna na wydaniu. Stare budownictwo tego typu jest rozsiane po ca\u0142ej \u0141emkowszczy\u017anie. Wiele chat popada w ruin\u0119, nie wszystkie da si\u0119 odratowa\u0107. Podr\u00f3\u017cuj\u0105c po regionie z rado\u015bci\u0105 patrzy\u0142am te\u017c na nowe budownictwo na styl tradycyjnej chy\u017cy.<img decoding=\"async\" loading=\"lazy\" class=\"c aligncenter wp-image-7041 size-full lazyload\" data-src=\"https:\/\/timetravelbee.com\/wp-content\/uploads\/2021\/11\/Chy\u017ca-Hani.jpg\" alt=\"\u0141emkowie w Polsce, nocleg w chy\u017cy w Beskidzie Niskim.\" width=\"2673\" height=\"2000\" src=\"data:image\/gif;base64,R0lGODlhAQABAAAAACH5BAEKAAEALAAAAAABAAEAAAICTAEAOw==\" style=\"--smush-placeholder-width: 2673px; --smush-placeholder-aspect-ratio: 2673\/2000;\" \/><noscript><img decoding=\"async\" loading=\"lazy\" class=\"c aligncenter wp-image-7041 size-full\" src=\"https:\/\/timetravelbee.com\/wp-content\/uploads\/2021\/11\/Chy\u017ca-Hani.jpg\" alt=\"\u0141emkowie w Polsce, nocleg w chy\u017cy w Beskidzie Niskim.\" width=\"2673\" height=\"2000\" \/><\/noscript><\/p>\n<p>Sprawdzaj\u0105c co zobaczy\u0107 na \u0141emkowszczy\u017anie natrafi\u0142am na kilka gospodarstw agroturystycznych proponuj\u0105cych noclegi w chy\u017cy (nowej lub starej). Stwierdzi\u0142am, \u017ce nocleg taki nocleg w chy\u017cy by\u0142by \u015bwietnym zwie\u0144czeniem wycieczki po tym regionie. Wybra\u0142am <strong><a href=\"https:\/\/chyzahani24.pl\/\">Chy\u017c\u0119 Hani <\/a><\/strong>i wyb\u00f3r okaza\u0142 si\u0119 \u015bwietny. To przytulne miejsce, ca\u0142e z drewna z przepysznym jedzeniem. Mo\u017cna naprawd\u0119 poczu\u0107 si\u0119 jak w domu. \u0141emkowskie tradycje s\u0105 tam wci\u0105\u017c \u017cywe! W\u0142a\u015bcicielka &#8211; pani Anna, tworzy \u0142emkowsk\u0105 bi\u017cuteri\u0119 (krywulki), organizuje warsztaty oraz koncerty muzyki \u0142emkowskiej. Mnie szczeg\u00f3lnie urzek\u0142a kuchnia &#8211; domowe pasty, kiszonki, \u0142emkowskie fuczki (placuszki z kapusty kiszonej) &#8211; przepyszne! W chy\u017cy jest kilka pokoi z \u0142azienkami zar\u00f3wno dla par jak i rodzin z dzie\u0107mi. Opr\u00f3cz tego mn\u00f3stwo ksi\u0105\u017cek do czytania i domowe ciep\u0142o. Te przyjemne wspomnienia uwieczni\u0142am na wideo:<\/p>\n<p><iframe loading=\"lazy\" title=\"YouTube video player\" data-src=\"https:\/\/www.youtube.com\/embed\/_WOmyq_OJXs\" width=\"560\" height=\"315\" frameborder=\"0\" allowfullscreen=\"allowfullscreen\" src=\"data:image\/gif;base64,R0lGODlhAQABAAAAACH5BAEKAAEALAAAAAABAAEAAAICTAEAOw==\" class=\"lazyload\" data-load-mode=\"1\"><\/iframe><\/p>\n<p>Co jeszcze zobaczy\u0107 na \u0141emkowszczy\u017anie? G\u00f3ry przede wszystkim! A je\u015bli chodzi o kultur\u0119 \u0141emk\u00f3w w Polsce, to natrafi\u0142am jeszcze na kilka prywatnych mini zagr\u00f3d \u0142emkowskich w regionie oraz dawn\u0105 szko\u0142\u0119 z Muzeum Kultury \u0141emk\u00f3w w Bielance, kt\u00f3ra pono\u0107 od jakiego\u015b czasu jest zamkni\u0119ta.<\/p>\n<p>A wy co poleciliby\u015bcie do zobaczenia na \u0141emkowszczy\u017anie? Podzielcie si\u0119 w komentarzu.<\/p>\n<p>Mo\u017ce Ci\u0119 zainteresuje:<br \/>\n<strong><a href=\"https:\/\/timetravelbee.com\/pl\/places\/festiwal-sabantuj\/\">Festiwal Sabantuj i mniejszo\u015b\u0107 Tatarska w Polsce<\/a><br \/>\n<a href=\"https:\/\/timetravelbee.com\/pl\/places\/zalipie-najpiekniejsza-wies-w-polsce\/\">Zalipie &#8211; najpi\u0119kniejsza wie\u015b w Polsce?<\/a><br \/>\n<a href=\"https:\/\/timetravelbee.com\/pl\/places\/must-see-bieszczady\/\">Miejsca, kt\u00f3rych nie mo\u017cna przegapi\u0107 w Bieszczadach<\/a><br \/>\n<a href=\"https:\/\/timetravelbee.com\/pl\/places\/off-beaten-path-poland\/\">8 pomys\u0142\u00f3w na weekend w po\u0142udniowej Polsce<\/a><\/strong><\/p>","protected":false},"excerpt":{"rendered":"<p>\u0141emkowszczyzna to teren, na kt\u00f3rym mieszkali \u0141emkowie &#8211; grupa etniczna o barwnej kulturze i niezwykle trudnej historii. Mimo, \u017ce \u0141emkowie w Polsce zostali wysiedleni i rozproszeni, wci\u0105\u017c pozosta\u0142y liczne cerkwie, zabudowa mieszkalna i tradycje. Podr\u00f3\u017cowa\u0142am \u015bladami \u0141emk\u00f3w w Polsce i w tym artykule poka\u017c\u0119 Wam co si\u0119 zachowa\u0142o i co zobaczy\u0107 na \u0141emkowszczy\u017anie po polskiej [&hellip;]<\/p>\n","protected":false},"author":1,"featured_media":7045,"comment_status":"open","ping_status":"open","sticky":false,"template":"","format":"standard","meta":[],"categories":[8,26],"tags":[1750,90,46,47,1748,1749],"yoast_head":"<!-- This site is optimized with the Yoast SEO plugin v21.0 - https:\/\/yoast.com\/wordpress\/plugins\/seo\/ -->\n<title>Co zobaczy\u0107 na \u0141emkowszczy\u017anie? Atrakcje + mapa | Time Travel Bee | Responsible Travel Blog<\/title>\n<meta name=\"description\" content=\"Nie spodziewa\u0142am si\u0119, \u017ce po niemal ca\u0142kowitym wysiedleniu, tak wiele zosta\u0142o po \u0141emkach w Polsce. Co zobaczy\u0107 na \u0141emkowszczy\u017anie?\" \/>\n<meta name=\"robots\" content=\"index, follow, max-snippet:-1, max-image-preview:large, max-video-preview:-1\" \/>\n<link rel=\"canonical\" href=\"https:\/\/timetravelbee.com\/pl\/places\/co-zobaczyc-na-lemkowszczyznie\/\" \/>\n<meta property=\"og:locale\" content=\"pl_PL\" \/>\n<meta property=\"og:type\" content=\"article\" \/>\n<meta property=\"og:title\" content=\"Co zobaczy\u0107 na \u0141emkowszczy\u017anie? Atrakcje + mapa | Time Travel Bee | Responsible Travel Blog\" \/>\n<meta property=\"og:description\" content=\"Nie spodziewa\u0142am si\u0119, \u017ce po niemal ca\u0142kowitym wysiedleniu, tak wiele zosta\u0142o po \u0141emkach w Polsce. Co zobaczy\u0107 na \u0141emkowszczy\u017anie?\" \/>\n<meta property=\"og:url\" content=\"https:\/\/timetravelbee.com\/pl\/places\/co-zobaczyc-na-lemkowszczyznie\/\" \/>\n<meta property=\"og:site_name\" content=\"Time Travel Bee | Responsible Travel Blog\" \/>\n<meta property=\"article:publisher\" content=\"https:\/\/www.facebook.com\/timetravelbee\" \/>\n<meta property=\"article:author\" content=\"https:\/\/www.facebook.com\/timetravelbee\" \/>\n<meta property=\"article:published_time\" content=\"2021-11-29T14:40:22+00:00\" \/>\n<meta property=\"article:modified_time\" content=\"2023-07-25T19:12:45+00:00\" \/>\n<meta property=\"og:image\" content=\"https:\/\/timetravelbee.com\/wp-content\/uploads\/2021\/11\/Skansen-w-Sanoku.jpg\" \/>\n\t<meta property=\"og:image:width\" content=\"2300\" \/>\n\t<meta property=\"og:image:height\" content=\"1721\" \/>\n\t<meta property=\"og:image:type\" content=\"image\/jpeg\" \/>\n<meta name=\"author\" content=\"Time Travel Bee\" \/>\n<meta name=\"twitter:card\" content=\"summary_large_image\" \/>\n<meta name=\"twitter:creator\" content=\"@TimeTravelBee\" \/>\n<meta name=\"twitter:site\" content=\"@TimeTravelBee\" \/>\n<meta name=\"twitter:label1\" content=\"Napisane przez\" \/>\n\t<meta name=\"twitter:data1\" content=\"Time Travel Bee\" \/>\n\t<meta name=\"twitter:label2\" content=\"Szacowany czas czytania\" \/>\n\t<meta name=\"twitter:data2\" content=\"12 minut\" \/>\n<script type=\"application\/ld+json\" class=\"yoast-schema-graph\">{\"@context\":\"https:\/\/schema.org\",\"@graph\":[{\"@type\":\"Article\",\"@id\":\"https:\/\/timetravelbee.com\/places\/co-zobaczyc-na-lemkowszczyznie\/#article\",\"isPartOf\":{\"@id\":\"https:\/\/timetravelbee.com\/places\/co-zobaczyc-na-lemkowszczyznie\/\"},\"author\":{\"name\":\"Time Travel Bee\",\"@id\":\"https:\/\/timetravelbee.com\/#\/schema\/person\/87eb9c76480852e107af0f9624a0045a\"},\"headline\":\"Co zobaczy\u0107 na \u0141emkowszczy\u017anie? Atrakcje + mapa\",\"datePublished\":\"2021-11-29T14:40:22+00:00\",\"dateModified\":\"2023-07-25T19:12:45+00:00\",\"mainEntityOfPage\":{\"@id\":\"https:\/\/timetravelbee.com\/places\/co-zobaczyc-na-lemkowszczyznie\/\"},\"wordCount\":2735,\"commentCount\":0,\"publisher\":{\"@id\":\"https:\/\/timetravelbee.com\/#\/schema\/person\/87eb9c76480852e107af0f9624a0045a\"},\"keywords\":[\"beskid niski\",\"bieszczady\",\"folk\",\"folklor\",\"grupy etniczne\",\"\u0142emkowszczyzna\"],\"articleSection\":[\"Miejsca\",\"Polska\"],\"inLanguage\":\"pl-PL\",\"potentialAction\":[{\"@type\":\"CommentAction\",\"name\":\"Comment\",\"target\":[\"https:\/\/timetravelbee.com\/places\/co-zobaczyc-na-lemkowszczyznie\/#respond\"]}]},{\"@type\":\"WebPage\",\"@id\":\"https:\/\/timetravelbee.com\/pl\/places\/co-zobaczyc-na-lemkowszczyznie\/\",\"url\":\"https:\/\/timetravelbee.com\/pl\/places\/co-zobaczyc-na-lemkowszczyznie\/\",\"name\":\"Co zobaczy\u0107 na \u0141emkowszczy\u017anie? Atrakcje + mapa | Time Travel Bee | Responsible Travel Blog\",\"isPartOf\":{\"@id\":\"https:\/\/timetravelbee.com\/pl\/#website\"},\"datePublished\":\"2021-11-29T14:40:22+00:00\",\"dateModified\":\"2023-07-25T19:12:45+00:00\",\"description\":\"Nie spodziewa\u0142am si\u0119, \u017ce po niemal ca\u0142kowitym wysiedleniu, tak wiele zosta\u0142o po \u0141emkach w Polsce. Co zobaczy\u0107 na \u0141emkowszczy\u017anie?\",\"breadcrumb\":{\"@id\":\"https:\/\/timetravelbee.com\/pl\/places\/co-zobaczyc-na-lemkowszczyznie\/#breadcrumb\"},\"inLanguage\":\"pl-PL\",\"potentialAction\":[{\"@type\":\"ReadAction\",\"target\":[[\"https:\/\/timetravelbee.com\/pl\/places\/co-zobaczyc-na-lemkowszczyznie\/\"]]}]},{\"@type\":\"BreadcrumbList\",\"@id\":\"https:\/\/timetravelbee.com\/pl\/places\/co-zobaczyc-na-lemkowszczyznie\/#breadcrumb\",\"itemListElement\":[{\"@type\":\"ListItem\",\"position\":1,\"name\":\"Home\",\"item\":\"https:\/\/timetravelbee.com\/pl\/\"},{\"@type\":\"ListItem\",\"position\":2,\"name\":\"Co zobaczy\u0107 na \u0141emkowszczy\u017anie? Atrakcje + mapa\"}]},{\"@type\":\"WebSite\",\"@id\":\"https:\/\/timetravelbee.com\/pl\/#website\",\"url\":\"https:\/\/timetravelbee.com\/pl\/\",\"name\":\"Time Travel Bee | Responsible Travel Blog\",\"description\":\"Time Travel Bee\",\"publisher\":{\"@id\":\"https:\/\/timetravelbee.com\/pl\/#\/schema\/person\/87eb9c76480852e107af0f9624a0045a\"},\"potentialAction\":[{\"@type\":\"SearchAction\",\"target\":{\"@type\":\"EntryPoint\",\"urlTemplate\":\"https:\/\/timetravelbee.com\/pl\/?s={search_term_string}\"},\"query-input\":\"required name=search_term_string\"}],\"inLanguage\":\"pl-PL\"},{\"@type\":[\"Person\",\"Organization\"],\"@id\":\"https:\/\/timetravelbee.com\/pl\/#\/schema\/person\/87eb9c76480852e107af0f9624a0045a\",\"name\":\"Time Travel Bee\",\"image\":{\"@type\":\"ImageObject\",\"inLanguage\":\"pl-PL\",\"@id\":\"https:\/\/timetravelbee.com\/pl\/#\/schema\/person\/image\/\",\"url\":\"https:\/\/timetravelbee.com\/wp-content\/uploads\/logo1.png\",\"contentUrl\":\"https:\/\/timetravelbee.com\/wp-content\/uploads\/logo1.png\",\"width\":412,\"height\":165,\"caption\":\"Time Travel Bee\"},\"logo\":{\"@id\":\"https:\/\/timetravelbee.com\/pl\/#\/schema\/person\/image\/\"},\"description\":\"PL Pszczo\u0142a kocha przyrod\u0119, kwiaty oraz herbat\u0119. Najbardziej sprawia jej przyjemno\u015b\u0107 \u017cycie i podr\u00f3\u017ce w rytmie slow, bez po\u015bpiechu. Stara si\u0119 podr\u00f3\u017cowa\u0107 bardziej ekologicznie i inspirowa\u0107 do tego innych. Lubi poznawa\u0107 inne kultury, tradycje, sp\u0119dza\u0107 czas z lokalnymi i kosztowa\u0107 ich przysmak\u00f3w. Jej ulubione miejsca w ka\u017cdej podr\u00f3\u017cy to uliczne bazary. ENG The Bee is a nature lover and tea addict. Loves the idea of slow life and responsible traveling, constantly trying to improve to bee more eco-friendly. Appreciates old cultures and traditions, loves to immerse with locals, listen to ethnic music as well as taste regional food and drinks. Her favorite spots while traveling are family houses and street markets. Learn more about the author\",\"sameAs\":[\"https:\/\/timetravelbee.com\",\"https:\/\/www.facebook.com\/timetravelbee\",\"https:\/\/instagram.com\/timetravelbee\"]}]}<\/script>\n<!-- \/ Yoast SEO plugin. -->","yoast_head_json":{"title":"Co zobaczy\u0107 na \u0141emkowszczy\u017anie? Atrakcje + mapa | Time Travel Bee | Responsible Travel Blog","description":"Nie spodziewa\u0142am si\u0119, \u017ce po niemal ca\u0142kowitym wysiedleniu, tak wiele zosta\u0142o po \u0141emkach w Polsce. Co zobaczy\u0107 na \u0141emkowszczy\u017anie?","robots":{"index":"index","follow":"follow","max-snippet":"max-snippet:-1","max-image-preview":"max-image-preview:large","max-video-preview":"max-video-preview:-1"},"canonical":"https:\/\/timetravelbee.com\/pl\/places\/co-zobaczyc-na-lemkowszczyznie\/","og_locale":"pl_PL","og_type":"article","og_title":"Co zobaczy\u0107 na \u0141emkowszczy\u017anie? Atrakcje + mapa | Time Travel Bee | Responsible Travel Blog","og_description":"Nie spodziewa\u0142am si\u0119, \u017ce po niemal ca\u0142kowitym wysiedleniu, tak wiele zosta\u0142o po \u0141emkach w Polsce. Co zobaczy\u0107 na \u0141emkowszczy\u017anie?","og_url":"https:\/\/timetravelbee.com\/pl\/places\/co-zobaczyc-na-lemkowszczyznie\/","og_site_name":"Time Travel Bee | Responsible Travel Blog","article_publisher":"https:\/\/www.facebook.com\/timetravelbee","article_author":"https:\/\/www.facebook.com\/timetravelbee","article_published_time":"2021-11-29T14:40:22+00:00","article_modified_time":"2023-07-25T19:12:45+00:00","og_image":[{"width":2300,"height":1721,"url":"https:\/\/timetravelbee.com\/wp-content\/uploads\/2021\/11\/Skansen-w-Sanoku.jpg","type":"image\/jpeg"}],"author":"Time Travel Bee","twitter_card":"summary_large_image","twitter_creator":"@TimeTravelBee","twitter_site":"@TimeTravelBee","twitter_misc":{"Napisane przez":"Time Travel Bee","Szacowany czas czytania":"12 minut"},"schema":{"@context":"https:\/\/schema.org","@graph":[{"@type":"Article","@id":"https:\/\/timetravelbee.com\/places\/co-zobaczyc-na-lemkowszczyznie\/#article","isPartOf":{"@id":"https:\/\/timetravelbee.com\/places\/co-zobaczyc-na-lemkowszczyznie\/"},"author":{"name":"Time Travel Bee","@id":"https:\/\/timetravelbee.com\/#\/schema\/person\/87eb9c76480852e107af0f9624a0045a"},"headline":"Co zobaczy\u0107 na \u0141emkowszczy\u017anie? Atrakcje + mapa","datePublished":"2021-11-29T14:40:22+00:00","dateModified":"2023-07-25T19:12:45+00:00","mainEntityOfPage":{"@id":"https:\/\/timetravelbee.com\/places\/co-zobaczyc-na-lemkowszczyznie\/"},"wordCount":2735,"commentCount":0,"publisher":{"@id":"https:\/\/timetravelbee.com\/#\/schema\/person\/87eb9c76480852e107af0f9624a0045a"},"keywords":["beskid niski","bieszczady","folk","folklor","grupy etniczne","\u0142emkowszczyzna"],"articleSection":["Miejsca","Polska"],"inLanguage":"pl-PL","potentialAction":[{"@type":"CommentAction","name":"Comment","target":["https:\/\/timetravelbee.com\/places\/co-zobaczyc-na-lemkowszczyznie\/#respond"]}]},{"@type":"WebPage","@id":"https:\/\/timetravelbee.com\/pl\/places\/co-zobaczyc-na-lemkowszczyznie\/","url":"https:\/\/timetravelbee.com\/pl\/places\/co-zobaczyc-na-lemkowszczyznie\/","name":"Co zobaczy\u0107 na \u0141emkowszczy\u017anie? Atrakcje + mapa | Time Travel Bee | Responsible Travel Blog","isPartOf":{"@id":"https:\/\/timetravelbee.com\/pl\/#website"},"datePublished":"2021-11-29T14:40:22+00:00","dateModified":"2023-07-25T19:12:45+00:00","description":"Nie spodziewa\u0142am si\u0119, \u017ce po niemal ca\u0142kowitym wysiedleniu, tak wiele zosta\u0142o po \u0141emkach w Polsce. Co zobaczy\u0107 na \u0141emkowszczy\u017anie?","breadcrumb":{"@id":"https:\/\/timetravelbee.com\/pl\/places\/co-zobaczyc-na-lemkowszczyznie\/#breadcrumb"},"inLanguage":"pl-PL","potentialAction":[{"@type":"ReadAction","target":[["https:\/\/timetravelbee.com\/pl\/places\/co-zobaczyc-na-lemkowszczyznie\/"]]}]},{"@type":"BreadcrumbList","@id":"https:\/\/timetravelbee.com\/pl\/places\/co-zobaczyc-na-lemkowszczyznie\/#breadcrumb","itemListElement":[{"@type":"ListItem","position":1,"name":"Home","item":"https:\/\/timetravelbee.com\/pl\/"},{"@type":"ListItem","position":2,"name":"Co zobaczy\u0107 na \u0141emkowszczy\u017anie? Atrakcje + mapa"}]},{"@type":"WebSite","@id":"https:\/\/timetravelbee.com\/pl\/#website","url":"https:\/\/timetravelbee.com\/pl\/","name":"Time Travel Bee | Responsible Travel Blog","description":"Time Travel Bee","publisher":{"@id":"https:\/\/timetravelbee.com\/pl\/#\/schema\/person\/87eb9c76480852e107af0f9624a0045a"},"potentialAction":[{"@type":"SearchAction","target":{"@type":"EntryPoint","urlTemplate":"https:\/\/timetravelbee.com\/pl\/?s={search_term_string}"},"query-input":"required name=search_term_string"}],"inLanguage":"pl-PL"},{"@type":["Person","Organization"],"@id":"https:\/\/timetravelbee.com\/pl\/#\/schema\/person\/87eb9c76480852e107af0f9624a0045a","name":"Time Travel Bee","image":{"@type":"ImageObject","inLanguage":"pl-PL","@id":"https:\/\/timetravelbee.com\/pl\/#\/schema\/person\/image\/","url":"https:\/\/timetravelbee.com\/wp-content\/uploads\/logo1.png","contentUrl":"https:\/\/timetravelbee.com\/wp-content\/uploads\/logo1.png","width":412,"height":165,"caption":"Time Travel Bee"},"logo":{"@id":"https:\/\/timetravelbee.com\/pl\/#\/schema\/person\/image\/"},"description":"PL Pszczo\u0142a kocha przyrod\u0119, kwiaty oraz herbat\u0119. Najbardziej sprawia jej przyjemno\u015b\u0107 \u017cycie i podr\u00f3\u017ce w rytmie slow, bez po\u015bpiechu. Stara si\u0119 podr\u00f3\u017cowa\u0107 bardziej ekologicznie i inspirowa\u0107 do tego innych. Lubi poznawa\u0107 inne kultury, tradycje, sp\u0119dza\u0107 czas z lokalnymi i kosztowa\u0107 ich przysmak\u00f3w. Jej ulubione miejsca w ka\u017cdej podr\u00f3\u017cy to uliczne bazary. ENG The Bee is a nature lover and tea addict. Loves the idea of slow life and responsible traveling, constantly trying to improve to bee more eco-friendly. Appreciates old cultures and traditions, loves to immerse with locals, listen to ethnic music as well as taste regional food and drinks. Her favorite spots while traveling are family houses and street markets. Learn more about the author","sameAs":["https:\/\/timetravelbee.com","https:\/\/www.facebook.com\/timetravelbee","https:\/\/instagram.com\/timetravelbee"]}]}},"_links":{"self":[{"href":"https:\/\/timetravelbee.com\/pl\/wp-json\/wp\/v2\/posts\/7008"}],"collection":[{"href":"https:\/\/timetravelbee.com\/pl\/wp-json\/wp\/v2\/posts"}],"about":[{"href":"https:\/\/timetravelbee.com\/pl\/wp-json\/wp\/v2\/types\/post"}],"author":[{"embeddable":true,"href":"https:\/\/timetravelbee.com\/pl\/wp-json\/wp\/v2\/users\/1"}],"replies":[{"embeddable":true,"href":"https:\/\/timetravelbee.com\/pl\/wp-json\/wp\/v2\/comments?post=7008"}],"version-history":[{"count":20,"href":"https:\/\/timetravelbee.com\/pl\/wp-json\/wp\/v2\/posts\/7008\/revisions"}],"predecessor-version":[{"id":7053,"href":"https:\/\/timetravelbee.com\/pl\/wp-json\/wp\/v2\/posts\/7008\/revisions\/7053"}],"wp:featuredmedia":[{"embeddable":true,"href":"https:\/\/timetravelbee.com\/pl\/wp-json\/wp\/v2\/media\/7045"}],"wp:attachment":[{"href":"https:\/\/timetravelbee.com\/pl\/wp-json\/wp\/v2\/media?parent=7008"}],"wp:term":[{"taxonomy":"category","embeddable":true,"href":"https:\/\/timetravelbee.com\/pl\/wp-json\/wp\/v2\/categories?post=7008"},{"taxonomy":"post_tag","embeddable":true,"href":"https:\/\/timetravelbee.com\/pl\/wp-json\/wp\/v2\/tags?post=7008"}],"curies":[{"name":"wp","href":"https:\/\/api.w.org\/{rel}","templated":true}]}}